{"id":19276,"date":"2024-12-12T06:00:00","date_gmt":"2024-12-12T05:00:00","guid":{"rendered":"https:\/\/www.amafi.fr\/?post_type=news&#038;p=19276"},"modified":"2024-12-13T14:22:43","modified_gmt":"2024-12-13T13:22:43","slug":"amafi-af2i-entretiens-de-la-finance-durable-2","status":"publish","type":"news","link":"https:\/\/www.amafi.fr\/en\/news\/amafi-af2i-entretiens-de-la-finance-durable-2\/","title":{"rendered":"AMAFI-AF2I &#8211; Entretiens de la finance durable"},"content":{"rendered":"\n<p>L\u2019AMAFI a le plaisir de vous convier aux Entretiens de la Finance Durable, un \u00e9v\u00e9nement annuel dont elle est partenaire, qui rassemble praticiens et universitaires pour \u00e9changer sur les grandes th\u00e9matiques de la finance durable.<\/p>\n\n\n\n<p>Cette ann\u00e9e, celui-ci se d\u00e9roulera le 6 d\u00e9cembre, avec&nbsp;:<\/p>\n\n\n\n<ul class=\"wp-block-list\">\n<li>Une matin\u00e9e d\u00e9di\u00e9e \u00e0 des tables rondes anim\u00e9es par des universitaires et r\u00e9unissant des professionnels, dont l\u2019une d\u2019entre elles traitera des enjeux de la transition \u00e9cologique et au cours de laquelle j\u2019interviendrai ;<\/li>\n\n\n\n<li>Une apr\u00e8s-midi consacr\u00e9e \u00e0 la pr\u00e9sentation de travaux de recherche par leurs auteurs.<\/li>\n<\/ul>\n\n\n\n<p><\/p>\n","protected":false},"featured_media":19436,"template":"","meta":{"_acf_changed":true,"_searchwp_excluded":""},"categories-news":[51],"class_list":["post-19276","news","type-news","status-publish","has-post-thumbnail","hentry","categories-news-conferences"],"acf":[],"_links":{"self":[{"href":"https:\/\/www.amafi.fr\/en\/wp-json\/wp\/v2\/news\/19276","targetHints":{"allow":["GET"]}}],"collection":[{"href":"https:\/\/www.amafi.fr\/en\/wp-json\/wp\/v2\/news"}],"about":[{"href":"https:\/\/www.amafi.fr\/en\/wp-json\/wp\/v2\/types\/news"}],"wp:featuredmedia":[{"embeddable":true,"href":"https:\/\/www.amafi.fr\/en\/wp-json\/wp\/v2\/media\/19436"}],"wp:attachment":[{"href":"https:\/\/www.amafi.fr\/en\/wp-json\/wp\/v2\/media?parent=19276"}],"wp:term":[{"taxonomy":"categories-news","embeddable":true,"href":"https:\/\/www.amafi.fr\/en\/wp-json\/wp\/v2\/categories-news?post=19276"}],"curies":[{"name":"wp","href":"https:\/\/api.w.org\/{rel}","templated":true}]}}