{"id":19277,"date":"2024-12-05T17:05:39","date_gmt":"2024-12-05T16:05:39","guid":{"rendered":"https:\/\/www.amafi.fr\/?post_type=news&#038;p=19277"},"modified":"2024-12-13T18:11:30","modified_gmt":"2024-12-13T17:11:30","slug":"amafi-apicil-webinaire-presentation-des-regimes-prevoyance-et-frais-de-sante-a-compter-du-1er-janvier-2025","status":"publish","type":"news","link":"https:\/\/www.amafi.fr\/en\/news\/amafi-apicil-webinaire-presentation-des-regimes-prevoyance-et-frais-de-sante-a-compter-du-1er-janvier-2025\/","title":{"rendered":"AMAFI-APICIL &#8211; Webinaire &#8211; Pr\u00e9sentation des R\u00e9gimes Pr\u00e9voyance et Frais de sant\u00e9 \u00e0 compter du 1er janvier 2025"},"content":{"rendered":"\n<p><\/p>\n\n\n\n<p><\/p>\n\n\n\n<p><a href=\"https:\/\/arrowco.sharepoint.com\/:b:\/s\/AMAFI_SITE\/EVr0zZUOLZ5LueBUsZ0lKfkBHfXTo2KB5RiVPIgKBXkv2w?e=cocbie\" target=\"_blank\" rel=\"noopener\">Retrouvez le support de pr\u00e9sentation<\/a> utilis\u00e9 lors de notre webinaire du 29 novembre et du 6 d\u00e9cembre dernier.<\/p>\n\n\n\n<p><\/p>\n","protected":false},"featured_media":0,"template":"","meta":{"_acf_changed":false,"_searchwp_excluded":""},"categories-news":[51],"class_list":["post-19277","news","type-news","status-publish","hentry","categories-news-conferences"],"acf":[],"_links":{"self":[{"href":"https:\/\/www.amafi.fr\/en\/wp-json\/wp\/v2\/news\/19277","targetHints":{"allow":["GET"]}}],"collection":[{"href":"https:\/\/www.amafi.fr\/en\/wp-json\/wp\/v2\/news"}],"about":[{"href":"https:\/\/www.amafi.fr\/en\/wp-json\/wp\/v2\/types\/news"}],"wp:attachment":[{"href":"https:\/\/www.amafi.fr\/en\/wp-json\/wp\/v2\/media?parent=19277"}],"wp:term":[{"taxonomy":"categories-news","embeddable":true,"href":"https:\/\/www.amafi.fr\/en\/wp-json\/wp\/v2\/categories-news?post=19277"}],"curies":[{"name":"wp","href":"https:\/\/api.w.org\/{rel}","templated":true}]}}