{"id":20299,"date":"2025-05-16T11:53:30","date_gmt":"2025-05-16T09:53:30","guid":{"rendered":"https:\/\/www.amafi.fr\/?post_type=news&#038;p=20299"},"modified":"2026-03-19T13:19:34","modified_gmt":"2026-03-19T12:19:34","slug":"amafi-revue-banque-europe-en-danger-mercredi-11-juin-2025-a-14h30","status":"publish","type":"news","link":"https:\/\/www.amafi.fr\/en\/news\/amafi-revue-banque-europe-en-danger-mercredi-11-juin-2025-a-14h30\/","title":{"rendered":"D\u00e9bat D\u00e9crochage \u00e9conomique et financier de l\u2019Europe &#8211; Replay"},"content":{"rendered":"\n<h2 class=\"wp-block-heading\"><\/h2>\n\n\n\n<p><a href=\"https:\/\/youtu.be\/2_zU7Yahf6s\" target=\"_blank\" rel=\"noopener\"><strong>Regardez le Replay du d\u00e9bat AMAFI \u2013 RB<\/strong><\/a> du 11 juin dernier sur le d\u00e9crochage \u00e9conomique et financier de l&#8217;Europe anim\u00e9 par Fabrice Lundy, avec St\u00e9phane Giordano, Hadrien Camatte, Fabrice Demarigny et Christian Saint-Etienne.<\/p>\n\n\n\n<p><\/p>\n\n\n\n<p><\/p>\n\n\n\n<p><\/p>\n","protected":false},"featured_media":19436,"template":"","meta":{"_acf_changed":true,"_searchwp_excluded":""},"categories-news":[51],"class_list":["post-20299","news","type-news","status-publish","has-post-thumbnail","hentry","categories-news-conferences"],"acf":[],"_links":{"self":[{"href":"https:\/\/www.amafi.fr\/en\/wp-json\/wp\/v2\/news\/20299","targetHints":{"allow":["GET"]}}],"collection":[{"href":"https:\/\/www.amafi.fr\/en\/wp-json\/wp\/v2\/news"}],"about":[{"href":"https:\/\/www.amafi.fr\/en\/wp-json\/wp\/v2\/types\/news"}],"wp:featuredmedia":[{"embeddable":true,"href":"https:\/\/www.amafi.fr\/en\/wp-json\/wp\/v2\/media\/19436"}],"wp:attachment":[{"href":"https:\/\/www.amafi.fr\/en\/wp-json\/wp\/v2\/media?parent=20299"}],"wp:term":[{"taxonomy":"categories-news","embeddable":true,"href":"https:\/\/www.amafi.fr\/en\/wp-json\/wp\/v2\/categories-news?post=20299"}],"curies":[{"name":"wp","href":"https:\/\/api.w.org\/{rel}","templated":true}]}}